{"id":535,"date":"2024-11-28T17:34:14","date_gmt":"2024-11-28T16:34:14","guid":{"rendered":"https:\/\/beautecharmante.fr\/facial-blemishes-and-the-sun-whats-the-link\/"},"modified":"2025-09-23T09:34:17","modified_gmt":"2025-09-23T07:34:17","slug":"facial-blemishes-and-the-sun-whats-the-link","status":"publish","type":"post","link":"https:\/\/beautecharmante.fr\/en\/facial-blemishes-and-the-sun-whats-the-link\/","title":{"rendered":"Facial blemishes and the sun: what&#8217;s the link?"},"content":{"rendered":"\n<p>Have you noticed the appearance of brown spots on your face and wondered if the sun is responsible? These marks can actually develop even on cloudy days, as UV rays penetrate clouds and glass, affecting your skin all year round. In this article, find out why these spots appear, how to prevent them effectively and what solutions exist to attenuate them.  <\/p>\n\n<figure class=\"wp-block-image size-full\"><img fetchpriority=\"high\" decoding=\"async\" width=\"1024\" height=\"576\" src=\"https:\/\/beautecharmante.fr\/wp-content\/uploads\/2024\/11\/image.jpeg\" alt=\"\" class=\"wp-image-423\" srcset=\"https:\/\/beautecharmante.fr\/wp-content\/uploads\/2024\/11\/image.jpeg 1024w, https:\/\/beautecharmante.fr\/wp-content\/uploads\/2024\/11\/image-300x169.jpeg 300w, https:\/\/beautecharmante.fr\/wp-content\/uploads\/2024\/11\/image-768x432.jpeg 768w\" sizes=\"(max-width: 1024px) 100vw, 1024px\" \/><\/figure>\n\n<h2 class=\"wp-block-heading\">Why does the sun give me spots?<\/h2>\n\n<p>The sun is the main culprit behind the brown spots that appear on our skin. But how exactly does it work? It all starts with UV rays penetrating our skin. In response, our body increases its production of melanin, the natural pigment that gives our skin its color. It&#8217;s a perfectly normal defense mechanism.    <\/p>\n\n<p>The problem arises when this melanin production becomes irregular. Some areas of the skin produce more melanin than others, creating those famous brown spots. And beware: this process can be devious! Spots can appear several years after overexposure to the sun.   <\/p>\n\n<p>An important point to note: UVA rays are particularly involved in the appearance of these spots. They are present all year round, even in winter, and can penetrate clouds and windows. That&#8217;s why your spots can intensify even on overcast days, or when you&#8217;re indoors near a window.  <\/p>\n\n<p>Hormones also play an important role in this process. Hormonal fluctuations, particularly estrogen and progesterone, can increase melanin production. For this reason, some people are more susceptible than others to the appearance of spots, particularly women during pregnancy or on hormonal contraception.  <\/p>\n\n<p>But not all pigmentation spots are alike. To better understand their origin and appearance, it&#8217;s essential to distinguish between the different types of spots, starting with those commonly known as sun spots. <\/p>\n\n<h2 class=\"wp-block-heading\">What is a sun spot and types of pigmentation spots<\/h2>\n\n<p>Age spots are the result of localized overproduction of melanin, the natural pigment that colors our skin. Although they can appear at any age, they are more common after the age of 40, particularly in people who regularly expose themselves to the sun without adequate protection. These brown marks, which unfortunately do not fade on their own, can fortunately be reduced with appropriate skin care.  <\/p>\n\n<h3 class=\"wp-block-heading\">Sun spots and solar lentigos<\/h3>\n\n<p>Solar lentigos are brown spots that appear on the areas most exposed to the sun, notably the face, shoulders and back of hands. They generally vary in size from 5 to 10 millimeters, with irregular edges. These marks particularly affect people over 50, affecting over 90% of fair-skinned people in this age bracket. Although benign, they are a sign of prolonged UV exposure and a visible sign of skin aging. To prevent them, appropriate sun protection is essential. If they are already present, there are several solutions, such as pigment laser or pulsed light, treatments that should only be carried out by a health professional.     <\/p>\n\n<h2 class=\"wp-block-heading\">Risk factors for sun spots<\/h2>\n\n<p>Certain factors significantly increase the risk of developing sun spots. Sunburn, particularly during childhood or adolescence, plays a decisive role in their future appearance. The face is the most vulnerable area, especially the forehead, cheeks, nose and eye area. Other frequently exposed parts of the body are also affected, such as the hands, shoulders and arms.   <\/p>\n\n<p>People working outdoors are naturally more at risk. This is the case for gardeners, farmers and construction workers. Age is also an important factor: after the age of 50, almost 90% of fair-skinned people develop these pigment spots. Atmospheric pollution can also aggravate their appearance, particularly in urban environments.   <\/p>\n\n<h2 class=\"wp-block-heading\">How to avoid pigmentation spots in the sun?<\/h2>\n\n<p>Prevention is your best ally against dark spots. With a few simple but effective habits, you can significantly reduce their appearance. <\/p>\n\n<p>Sun protection is essential. Choose a broad-spectrum sunscreen with an SPF of at least 30. This is the basis of good protection. Remember to reapply it every two hours, even if you&#8217;re not swimming. Protection should become a reflex, just like brushing your teeth.    <\/p>\n\n<p>The hours of exposure are just as important. Between 10 a.m. and 4 p.m., the sun is particularly aggressive. If possible, stay in the shade during these hours. If you must go out, wear a wide-brimmed hat and sunglasses.   <\/p>\n\n<p>To take prevention one step further, there are a number of treatments that can help:<\/p>\n\n<ul class=\"wp-block-list\">\n<li>Products containing vitamin C boost UV protection<\/li>\n\n\n\n<li>Niacinamide helps even out skin tone (often the key ingredient in<a href=\"https:\/\/www.loreal-paris.fr\/soin\/soin-par-benefice\/anti-taches\/\">a serious anti-spot cream<\/a>).<\/li>\n\n\n\n<li>Retinoids promote cell renewal<\/li>\n<\/ul>\n\n<p>If, despite these precautions, spots persist, laser therapy may be a solution. This technique precisely targets pigmented areas while stimulating collagen production. Talk to your dermatologist to find out if this treatment is right for you.  <\/p>\n\n<p>But how do you know whether these spots require special medical attention or can be managed at home?<\/p>\n\n<h2 class=\"wp-block-heading\">When should you see a dermatologist?<\/h2>\n\n<p>Regular monitoring of your skin is essential. If you notice that a brown spot is changing its appearance, don&#8217;t hesitate to consult a dermatologist. Here are the main signs that should alert you: an asymmetrical spot, irregular edges, an uneven color or a diameter exceeding 6 millimeters.  <\/p>\n\n<p>Certain situations also require medical advice. This is the case if your brown spots persist despite appropriate sun protection, or if they are accompanied by itching. Similarly, consult a dermatologist if you develop dark spots after applying perfume and sun exposure. A dermatologist will be able to accurately assess your situation and suggest an appropriate treatment if necessary.   <\/p>\n","protected":false},"excerpt":{"rendered":"<p>Have you noticed the appearance of brown spots on your face and wondered if the sun is responsible? These marks can actually develop even on cloudy days, as UV rays penetrate clouds and glass, affecting your skin all year round. In this article, find out why these spots appear, how to prevent them effectively and [&hellip;]<\/p>\n","protected":false},"author":1,"featured_media":536,"comment_status":"closed","ping_status":"closed","sticky":false,"template":"","format":"standard","meta":{"footnotes":""},"categories":[110,113],"tags":[],"class_list":["post-535","post","type-post","status-publish","format-standard","has-post-thumbnail","hentry","category-beauty","category-care"],"yoast_head":"<!-- This site is optimized with the Yoast SEO plugin v22.6 - https:\/\/yoast.com\/wordpress\/plugins\/seo\/ -->\n<title>Facial blemishes and the sun: what&#039;s the link? - Beaut\u00e9 Charmante<\/title>\n<meta name=\"robots\" content=\"index, follow, max-snippet:-1, max-image-preview:large, max-video-preview:-1\" \/>\n<link rel=\"canonical\" href=\"https:\/\/beautecharmante.fr\/en\/facial-blemishes-and-the-sun-whats-the-link\/\" \/>\n<meta property=\"og:locale\" content=\"en_US\" \/>\n<meta property=\"og:type\" content=\"article\" \/>\n<meta property=\"og:title\" content=\"Facial blemishes and the sun: what&#039;s the link? - Beaut\u00e9 Charmante\" \/>\n<meta property=\"og:description\" content=\"Have you noticed the appearance of brown spots on your face and wondered if the sun is responsible? These marks can actually develop even on cloudy days, as UV rays penetrate clouds and glass, affecting your skin all year round. In this article, find out why these spots appear, how to prevent them effectively and [&hellip;]\" \/>\n<meta property=\"og:url\" content=\"https:\/\/beautecharmante.fr\/en\/facial-blemishes-and-the-sun-whats-the-link\/\" \/>\n<meta property=\"og:site_name\" content=\"Beaut\u00e9 Charmante\" \/>\n<meta property=\"article:published_time\" content=\"2024-11-28T16:34:14+00:00\" \/>\n<meta property=\"article:modified_time\" content=\"2025-09-23T07:34:17+00:00\" \/>\n<meta property=\"og:image\" content=\"https:\/\/beautecharmante.fr\/wp-content\/uploads\/2024\/11\/image.jpeg\" \/>\n\t<meta property=\"og:image:width\" content=\"1024\" \/>\n\t<meta property=\"og:image:height\" content=\"576\" \/>\n\t<meta property=\"og:image:type\" content=\"image\/jpeg\" \/>\n<meta name=\"author\" content=\"beautecharmante\" \/>\n<meta name=\"twitter:card\" content=\"summary_large_image\" \/>\n<meta name=\"twitter:label1\" content=\"Written by\" \/>\n\t<meta name=\"twitter:data1\" content=\"beautecharmante\" \/>\n\t<meta name=\"twitter:label2\" content=\"Est. reading time\" \/>\n\t<meta name=\"twitter:data2\" content=\"4 minutes\" \/>\n<script type=\"application\/ld+json\" class=\"yoast-schema-graph\">{\"@context\":\"https:\/\/schema.org\",\"@graph\":[{\"@type\":\"WebPage\",\"@id\":\"https:\/\/beautecharmante.fr\/en\/facial-blemishes-and-the-sun-whats-the-link\/\",\"url\":\"https:\/\/beautecharmante.fr\/en\/facial-blemishes-and-the-sun-whats-the-link\/\",\"name\":\"Facial blemishes and the sun: what's the link? - Beaut\u00e9 Charmante\",\"isPartOf\":{\"@id\":\"https:\/\/beautecharmante.fr\/en\/#website\"},\"primaryImageOfPage\":{\"@id\":\"https:\/\/beautecharmante.fr\/en\/facial-blemishes-and-the-sun-whats-the-link\/#primaryimage\"},\"image\":{\"@id\":\"https:\/\/beautecharmante.fr\/en\/facial-blemishes-and-the-sun-whats-the-link\/#primaryimage\"},\"thumbnailUrl\":\"https:\/\/beautecharmante.fr\/wp-content\/uploads\/2024\/11\/image.jpeg\",\"datePublished\":\"2024-11-28T16:34:14+00:00\",\"dateModified\":\"2025-09-23T07:34:17+00:00\",\"author\":{\"@id\":\"https:\/\/beautecharmante.fr\/en\/#\/schema\/person\/b28cf23009b31a31090c37f866e6c409\"},\"breadcrumb\":{\"@id\":\"https:\/\/beautecharmante.fr\/en\/facial-blemishes-and-the-sun-whats-the-link\/#breadcrumb\"},\"inLanguage\":\"en-US\",\"potentialAction\":[{\"@type\":\"ReadAction\",\"target\":[\"https:\/\/beautecharmante.fr\/en\/facial-blemishes-and-the-sun-whats-the-link\/\"]}]},{\"@type\":\"ImageObject\",\"inLanguage\":\"en-US\",\"@id\":\"https:\/\/beautecharmante.fr\/en\/facial-blemishes-and-the-sun-whats-the-link\/#primaryimage\",\"url\":\"https:\/\/beautecharmante.fr\/wp-content\/uploads\/2024\/11\/image.jpeg\",\"contentUrl\":\"https:\/\/beautecharmante.fr\/wp-content\/uploads\/2024\/11\/image.jpeg\",\"width\":1024,\"height\":576},{\"@type\":\"BreadcrumbList\",\"@id\":\"https:\/\/beautecharmante.fr\/en\/facial-blemishes-and-the-sun-whats-the-link\/#breadcrumb\",\"itemListElement\":[{\"@type\":\"ListItem\",\"position\":1,\"name\":\"Accueil\",\"item\":\"https:\/\/beautecharmante.fr\/en\/discover-all-the-secrets-to-enhance-your-natural-beauty\/\"},{\"@type\":\"ListItem\",\"position\":2,\"name\":\"Facial blemishes and the sun: what&#8217;s the link?\"}]},{\"@type\":\"WebSite\",\"@id\":\"https:\/\/beautecharmante.fr\/en\/#website\",\"url\":\"https:\/\/beautecharmante.fr\/en\/\",\"name\":\"Beaut\u00e9 Charmante\",\"description\":\"R\u00e9v\u00e9lez votre \u00e9clat, inspirez votre style : Explorez la beaut\u00e9 intemporelle et la vie \u00e9panouie sur notre blog !\",\"potentialAction\":[{\"@type\":\"SearchAction\",\"target\":{\"@type\":\"EntryPoint\",\"urlTemplate\":\"https:\/\/beautecharmante.fr\/en\/?s={search_term_string}\"},\"query-input\":\"required name=search_term_string\"}],\"inLanguage\":\"en-US\"},{\"@type\":\"Person\",\"@id\":\"https:\/\/beautecharmante.fr\/en\/#\/schema\/person\/b28cf23009b31a31090c37f866e6c409\",\"name\":\"beautecharmante\",\"image\":{\"@type\":\"ImageObject\",\"inLanguage\":\"en-US\",\"@id\":\"https:\/\/beautecharmante.fr\/en\/#\/schema\/person\/image\/\",\"url\":\"https:\/\/secure.gravatar.com\/avatar\/57cce553753163cf73ee9cdd9ecefccb526cd7f0b33cb0c0309ab2e04fd3c4d9?s=96&d=mm&r=g\",\"contentUrl\":\"https:\/\/secure.gravatar.com\/avatar\/57cce553753163cf73ee9cdd9ecefccb526cd7f0b33cb0c0309ab2e04fd3c4d9?s=96&d=mm&r=g\",\"caption\":\"beautecharmante\"},\"sameAs\":[\"https:\/\/www.beautecharmante.fr\"],\"url\":\"https:\/\/beautecharmante.fr\/en\/author\/beautecharmante\/\"}]}<\/script>\n<!-- \/ Yoast SEO plugin. -->","yoast_head_json":{"title":"Facial blemishes and the sun: what's the link? - Beaut\u00e9 Charmante","robots":{"index":"index","follow":"follow","max-snippet":"max-snippet:-1","max-image-preview":"max-image-preview:large","max-video-preview":"max-video-preview:-1"},"canonical":"https:\/\/beautecharmante.fr\/en\/facial-blemishes-and-the-sun-whats-the-link\/","og_locale":"en_US","og_type":"article","og_title":"Facial blemishes and the sun: what's the link? - Beaut\u00e9 Charmante","og_description":"Have you noticed the appearance of brown spots on your face and wondered if the sun is responsible? These marks can actually develop even on cloudy days, as UV rays penetrate clouds and glass, affecting your skin all year round. In this article, find out why these spots appear, how to prevent them effectively and [&hellip;]","og_url":"https:\/\/beautecharmante.fr\/en\/facial-blemishes-and-the-sun-whats-the-link\/","og_site_name":"Beaut\u00e9 Charmante","article_published_time":"2024-11-28T16:34:14+00:00","article_modified_time":"2025-09-23T07:34:17+00:00","og_image":[{"width":1024,"height":576,"url":"https:\/\/beautecharmante.fr\/wp-content\/uploads\/2024\/11\/image.jpeg","type":"image\/jpeg"}],"author":"beautecharmante","twitter_card":"summary_large_image","twitter_misc":{"Written by":"beautecharmante","Est. reading time":"4 minutes"},"schema":{"@context":"https:\/\/schema.org","@graph":[{"@type":"WebPage","@id":"https:\/\/beautecharmante.fr\/en\/facial-blemishes-and-the-sun-whats-the-link\/","url":"https:\/\/beautecharmante.fr\/en\/facial-blemishes-and-the-sun-whats-the-link\/","name":"Facial blemishes and the sun: what's the link? - Beaut\u00e9 Charmante","isPartOf":{"@id":"https:\/\/beautecharmante.fr\/en\/#website"},"primaryImageOfPage":{"@id":"https:\/\/beautecharmante.fr\/en\/facial-blemishes-and-the-sun-whats-the-link\/#primaryimage"},"image":{"@id":"https:\/\/beautecharmante.fr\/en\/facial-blemishes-and-the-sun-whats-the-link\/#primaryimage"},"thumbnailUrl":"https:\/\/beautecharmante.fr\/wp-content\/uploads\/2024\/11\/image.jpeg","datePublished":"2024-11-28T16:34:14+00:00","dateModified":"2025-09-23T07:34:17+00:00","author":{"@id":"https:\/\/beautecharmante.fr\/en\/#\/schema\/person\/b28cf23009b31a31090c37f866e6c409"},"breadcrumb":{"@id":"https:\/\/beautecharmante.fr\/en\/facial-blemishes-and-the-sun-whats-the-link\/#breadcrumb"},"inLanguage":"en-US","potentialAction":[{"@type":"ReadAction","target":["https:\/\/beautecharmante.fr\/en\/facial-blemishes-and-the-sun-whats-the-link\/"]}]},{"@type":"ImageObject","inLanguage":"en-US","@id":"https:\/\/beautecharmante.fr\/en\/facial-blemishes-and-the-sun-whats-the-link\/#primaryimage","url":"https:\/\/beautecharmante.fr\/wp-content\/uploads\/2024\/11\/image.jpeg","contentUrl":"https:\/\/beautecharmante.fr\/wp-content\/uploads\/2024\/11\/image.jpeg","width":1024,"height":576},{"@type":"BreadcrumbList","@id":"https:\/\/beautecharmante.fr\/en\/facial-blemishes-and-the-sun-whats-the-link\/#breadcrumb","itemListElement":[{"@type":"ListItem","position":1,"name":"Accueil","item":"https:\/\/beautecharmante.fr\/en\/discover-all-the-secrets-to-enhance-your-natural-beauty\/"},{"@type":"ListItem","position":2,"name":"Facial blemishes and the sun: what&#8217;s the link?"}]},{"@type":"WebSite","@id":"https:\/\/beautecharmante.fr\/en\/#website","url":"https:\/\/beautecharmante.fr\/en\/","name":"Beaut\u00e9 Charmante","description":"R\u00e9v\u00e9lez votre \u00e9clat, inspirez votre style : Explorez la beaut\u00e9 intemporelle et la vie \u00e9panouie sur notre blog !","potentialAction":[{"@type":"SearchAction","target":{"@type":"EntryPoint","urlTemplate":"https:\/\/beautecharmante.fr\/en\/?s={search_term_string}"},"query-input":"required name=search_term_string"}],"inLanguage":"en-US"},{"@type":"Person","@id":"https:\/\/beautecharmante.fr\/en\/#\/schema\/person\/b28cf23009b31a31090c37f866e6c409","name":"beautecharmante","image":{"@type":"ImageObject","inLanguage":"en-US","@id":"https:\/\/beautecharmante.fr\/en\/#\/schema\/person\/image\/","url":"https:\/\/secure.gravatar.com\/avatar\/57cce553753163cf73ee9cdd9ecefccb526cd7f0b33cb0c0309ab2e04fd3c4d9?s=96&d=mm&r=g","contentUrl":"https:\/\/secure.gravatar.com\/avatar\/57cce553753163cf73ee9cdd9ecefccb526cd7f0b33cb0c0309ab2e04fd3c4d9?s=96&d=mm&r=g","caption":"beautecharmante"},"sameAs":["https:\/\/www.beautecharmante.fr"],"url":"https:\/\/beautecharmante.fr\/en\/author\/beautecharmante\/"}]}},"_links":{"self":[{"href":"https:\/\/beautecharmante.fr\/en\/wp-json\/wp\/v2\/posts\/535","targetHints":{"allow":["GET"]}}],"collection":[{"href":"https:\/\/beautecharmante.fr\/en\/wp-json\/wp\/v2\/posts"}],"about":[{"href":"https:\/\/beautecharmante.fr\/en\/wp-json\/wp\/v2\/types\/post"}],"author":[{"embeddable":true,"href":"https:\/\/beautecharmante.fr\/en\/wp-json\/wp\/v2\/users\/1"}],"replies":[{"embeddable":true,"href":"https:\/\/beautecharmante.fr\/en\/wp-json\/wp\/v2\/comments?post=535"}],"version-history":[{"count":1,"href":"https:\/\/beautecharmante.fr\/en\/wp-json\/wp\/v2\/posts\/535\/revisions"}],"predecessor-version":[{"id":537,"href":"https:\/\/beautecharmante.fr\/en\/wp-json\/wp\/v2\/posts\/535\/revisions\/537"}],"wp:featuredmedia":[{"embeddable":true,"href":"https:\/\/beautecharmante.fr\/en\/wp-json\/wp\/v2\/media\/536"}],"wp:attachment":[{"href":"https:\/\/beautecharmante.fr\/en\/wp-json\/wp\/v2\/media?parent=535"}],"wp:term":[{"taxonomy":"category","embeddable":true,"href":"https:\/\/beautecharmante.fr\/en\/wp-json\/wp\/v2\/categories?post=535"},{"taxonomy":"post_tag","embeddable":true,"href":"https:\/\/beautecharmante.fr\/en\/wp-json\/wp\/v2\/tags?post=535"}],"curies":[{"name":"wp","href":"https:\/\/api.w.org\/{rel}","templated":true}]}}