{"id":758,"date":"2025-04-17T11:01:52","date_gmt":"2025-04-17T09:01:52","guid":{"rendered":"https:\/\/beautecharmante.fr\/se-puede-utilizar-el-acido-salicilico-todos-los-dias\/"},"modified":"2025-04-17T11:01:52","modified_gmt":"2025-04-17T09:01:52","slug":"se-puede-utilizar-el-acido-salicilico-todos-los-dias","status":"publish","type":"post","link":"https:\/\/beautecharmante.fr\/es\/se-puede-utilizar-el-acido-salicilico-todos-los-dias\/","title":{"rendered":"\u00bfSe puede utilizar el \u00e1cido salic\u00edlico todos los d\u00edas?"},"content":{"rendered":"<p>\u00bfAcabas de comprar un producto que contiene \u00e1cido salic\u00edlico y te preguntas si es prudente utilizarlo todos los d\u00edas? Aunque este principio activo es de venta libre, su concentraci\u00f3n \u00f3ptima y la frecuencia de uso var\u00edan seg\u00fan la naturaleza de tu piel. En este art\u00edculo, descubre c\u00f3mo incorporar con seguridad el \u00e1cido salic\u00edlico a tu rutina de cuidado de la piel, con las precauciones esenciales que debes tener en cuenta para cada tipo de piel. Para m\u00e1s informaci\u00f3n sobre <a href=\"https:\/\/www.garnier.fr\/conseils\/acide-salicylique-action-points-noirs\"><b>el uso del \u00e1cido salic\u00edlico en los puntos negros<\/b><\/a>puedes consultar nuestra fuente externa.   <\/p>\n<p><img decoding=\"async\" alt=\"Frasco gotero transparente que contiene \u00e1cido salic\u00edlico sobre una superficie de m\u00e1rmol, con hojas difuminadas al fondo.\" class=\"featured-image\" src=\"https:\/\/77a8bca5480c629eab12f6f892ef4680.cdn.bubble.io\/f1744813953354x348016809288172600\/fF2movhcqy_8DdVwWw09K_be6843c0e7694040bd809a178ecc541f.jpg\"><\/p>\n<h2>\u00bfEs posible utilizar \u00e1cido salic\u00edlico ordinario todos los d\u00edas?<\/h2>\n<p>El \u00e1cido salic\u00edlico puede formar parte de tu rutina diaria, siempre que empieces con buen pie. Los productos de venta sin receta suelen contener entre un 0,5% y un 2% de este principio activo, que es perfectamente adecuado para un uso regular. Para evitar cualquier irritaci\u00f3n, empieza con una aplicaci\u00f3n cada dos d\u00edas y observa c\u00f3mo reacciona tu piel.  <\/p>\n<h3>\u00bfCon qu\u00e9 frecuencia se produce el \u00e1cido salic\u00edlico?<\/h3>\n<p>Para que el \u00e1cido salic\u00edlico forme parte de tu rutina, sigue un planteamiento en 3 pasos:<\/p>\n<ol><\/p>\n<li>Inicio suave: aplica el producto en d\u00edas alternos durante 2 semanas. \u00c9sta es la fase de adaptaci\u00f3n, cuando tu piel se acostumbra al principio activo. <\/li>\n<p><\/ol>\n<ol start=\"2\"><\/p>\n<li>Nota: si tu piel reacciona bien (sin enrojecimiento ni irritaci\u00f3n), puedes pasar a una aplicaci\u00f3n diaria. Si tu piel es sensible, mant\u00e9n el programa original. <\/li>\n<p><\/ol>\n<ol start=\"3\"><\/p>\n<li>Adaptaci\u00f3n: algunas pieles toleran perfectamente dos aplicaciones al d\u00eda. Otras prefieren seguir aplic\u00e1ndose cada dos d\u00edas. Escucha a tu piel y ella te dir\u00e1 lo que le va mejor.  <\/li>\n<p><\/ol>\n<p>Si experimentas un hormigueo persistente o un enrojecimiento inusual, espacia las aplicaciones. La clave es encontrar tu propio ritmo, sin forzarte. <\/p>\n<h3>\u00bfPuedo aplicar \u00e1cido salic\u00edlico al 2% a diario?<\/h3>\n<p>S\u00ed, el \u00e1cido salic\u00edlico al 2% puede utilizarse todos los d\u00edas, pero s\u00f3lo si tu piel lo tolera bien. El mejor momento para aplicarlo es por la noche, sobre una superficie limpia y seca, incidiendo en las zonas afectadas. Evita la zona de los ojos.  <\/p>\n<p>Para hacerlo bien, empieza poco a poco. Empieza aplic\u00e1ndolo 2-3 veces por semana. Si todo va bien al cabo de unas semanas, puedes pasar al uso diario. No olvides hidratar la piel despu\u00e9s de la aplicaci\u00f3n para contrarrestar el efecto desecante.   <\/p>\n<p>Un \u00faltimo punto importante: si lo utilizas por la ma\u00f1ana, la protecci\u00f3n solar se vuelve esencial. El \u00e1cido salic\u00edlico aumenta la sensibilidad a los rayos UV. En caso de duda, opta por una aplicaci\u00f3n nocturna.  <\/p>\n<h2>\u00bfQu\u00e9 tipos de piel pueden beneficiarse?<\/h2>\n<p>El \u00e1cido salic\u00edlico no es para todo el mundo. Y es normal. Cada tipo tiene sus necesidades particulares.  <\/p>\n<p>A las pieles grasas les encanta este principio activo. Si tienes la piel grasa o mixta, puedes utilizarlo a diario sin preocuparte. Lo mismo ocurre si tienes tendencia a tener imperfecciones o puntos negros. El \u00e1cido salic\u00edlico te ayudar\u00e1 a limpiar en profundidad los poros.   <\/p>\n<p>La piel sensible es otra historia. Es mejor ir poco a poco: empieza con una o dos aplicaciones a la semana. Si tu piel reacciona bien, puedes pasar a utilizarlo en d\u00edas alternos. Algunas pieles sensibles toleran muy bien el \u00e1cido salic\u00edlico, otras no tanto; s\u00f3lo tienes que encontrar tu propio ritmo.   <\/p>\n<p>Un consejo pr\u00e1ctico: si est\u00e1s empezando, sea cual sea tu tipo de piel, empieza suavemente. Observa c\u00f3mo reacciona tu piel y ajusta la frecuencia seg\u00fan sus necesidades. Es la mejor forma de obtener buenos resultados sin riesgo de irritaci\u00f3n.  <\/p>\n<p>Pero aunque tu piel parezca apreciar el \u00e1cido salic\u00edlico, conviene seguir algunas reglas de precauci\u00f3n para evitar sorpresas desagradables y aprovechar plenamente sus beneficios.<\/p>\n<h2>Precauciones para el uso diario<\/h2>\n<p>El \u00e1cido salic\u00edlico es eficaz, pero requiere unas sencillas precauciones. Primera regla importante: apl\u00edcate siempre protecci\u00f3n solar. El \u00e1cido salic\u00edlico hace que la piel sea m\u00e1s sensible a los rayos UV, por lo que la protecci\u00f3n solar es tu mejor aliada.  <\/p>\n<p>Para empezar, aplica el producto una vez al d\u00eda, con la opci\u00f3n de espaciar las aplicaciones cada dos d\u00edas si es necesario. Tu piel puede reaccionar al principio: es normal que aparezca cierto enrojecimiento u hormigueo durante la primera semana. <\/p>\n<p>Evita mezclar el \u00e1cido salic\u00edlico con otros \u00e1cidos exfoliantes, ya que podr\u00eda irritar demasiado tu piel. Y no apliques el producto en zonas irritadas o lesionadas. Y, por supuesto, mant\u00e9n la piel bien hidratada con una crema adecuada.  <\/p>\n<p>En caso de picor intenso o reacci\u00f3n inusual, interrumpe el tratamiento. Si est\u00e1s embarazada, habla con tu m\u00e9dico antes de iniciar el tratamiento. <\/p>\n<h2>\u00bfCu\u00e1les son los posibles efectos secundarios?<\/h2>\n<p>El \u00e1cido salic\u00edlico puede causar algunos efectos secundarios, sobre todo cuando se utiliza por primera vez. Esto es lo que debes saber: <\/p>\n<ul><\/p>\n<li>Puede aparecer una ligera sensaci\u00f3n de hormigueo o enrojecimiento durante los primeros d\u00edas. Esto es normal y deber\u00eda desaparecer r\u00e1pidamente. <\/li>\n<p><\/ul>\n<ul><\/p>\n<li>La piel puede volverse m\u00e1s seca. Para evitarlo, utiliza una crema hidratante despu\u00e9s de la aplicaci\u00f3n. <\/li>\n<p><\/ul>\n<ul><\/p>\n<li>Si sales al sol, recuerda llevar protecci\u00f3n solar. Aunque el \u00e1cido salic\u00edlico no es fotosensibilizante en s\u00ed mismo, tu piel ser\u00e1 m\u00e1s sensible a los rayos UV. <\/li>\n<p><\/ul>\n<p>En caso de irritaci\u00f3n persistente o picor intenso, deja de utilizar el producto. Es posible que tu piel no lo tolere. Empieza poco a poco, utiliz\u00e1ndolo en d\u00edas alternos, para ver c\u00f3mo reacciona tu piel.  <\/p>\n<h2>Consejos para incorporar el \u00e1cido salic\u00edlico a tu rutina<\/h2>\n<p>El \u00e1cido salic\u00edlico es f\u00e1cil de incorporar a cualquier rutina de cuidado de la piel, siempre que sigas unas sencillas reglas.  <\/p>\n<p>Empieza siempre por limpiarte la cara. Es el primer paso. Una piel limpia y seca permite que el producto act\u00fae correctamente. A continuaci\u00f3n, aplica el \u00e1cido salic\u00edlico. Si utilizas un t\u00f3nico, apl\u00edcalo por toda la cara, evitando la zona de los ojos. Para un tratamiento localizado, una sola gota es suficiente para cada grano.     <\/p>\n<p>La noche es el momento ideal para utilizar este producto. \u00bfPor qu\u00e9 es ideal? Porque el \u00e1cido salic\u00edlico hace que la piel sea m\u00e1s sensible al sol. Si prefieres utilizarlo por la ma\u00f1ana, no olvides aplicarte protecci\u00f3n solar SPF50.   <\/p>\n<p>Una vez aplicado el \u00e1cido salic\u00edlico, espera unos minutos. Despu\u00e9s pasa a la hidrataci\u00f3n, \u00a1es importante! Elige una crema adecuada a tu tipo de piel. Las pieles propensas al acn\u00e9 preferir\u00e1n una textura ligera que no obstruya los poros.   <\/p>\n<p>Un peque\u00f1o consejo pr\u00e1ctico: no mezcles el \u00e1cido salic\u00edlico con la crema hidratante. Aplica primero el \u00e1cido, deja que penetre y luego pasa a la crema. As\u00ed es m\u00e1s eficaz.  <\/p>\n","protected":false},"excerpt":{"rendered":"<p>\u00bfAcabas de comprar un producto que contiene \u00e1cido salic\u00edlico y te preguntas si es prudente utilizarlo todos los d\u00edas? Aunque este principio activo es de venta libre, su concentraci\u00f3n \u00f3ptima y la frecuencia de uso var\u00edan seg\u00fan la naturaleza de tu piel. En este art\u00edculo, descubre c\u00f3mo incorporar con seguridad el \u00e1cido salic\u00edlico a tu [&hellip;]<\/p>\n","protected":false},"author":1,"featured_media":759,"comment_status":"","ping_status":"","sticky":false,"template":"","format":"standard","meta":{"footnotes":""},"categories":[136],"tags":[],"class_list":["post-758","post","type-post","status-publish","format-standard","has-post-thumbnail","hentry","category-bienestar"],"yoast_head":"<!-- This site is optimized with the Yoast SEO plugin v22.6 - https:\/\/yoast.com\/wordpress\/plugins\/seo\/ -->\n<title>\u00bfSe puede utilizar el \u00e1cido salic\u00edlico todos los d\u00edas? - Beaut\u00e9 Charmante<\/title>\n<meta name=\"robots\" content=\"index, follow, max-snippet:-1, max-image-preview:large, max-video-preview:-1\" \/>\n<link rel=\"canonical\" href=\"https:\/\/beautecharmante.fr\/es\/se-puede-utilizar-el-acido-salicilico-todos-los-dias\/\" \/>\n<meta property=\"og:locale\" content=\"es_ES\" \/>\n<meta property=\"og:type\" content=\"article\" \/>\n<meta property=\"og:title\" content=\"\u00bfSe puede utilizar el \u00e1cido salic\u00edlico todos los d\u00edas? - Beaut\u00e9 Charmante\" \/>\n<meta property=\"og:description\" content=\"\u00bfAcabas de comprar un producto que contiene \u00e1cido salic\u00edlico y te preguntas si es prudente utilizarlo todos los d\u00edas? Aunque este principio activo es de venta libre, su concentraci\u00f3n \u00f3ptima y la frecuencia de uso var\u00edan seg\u00fan la naturaleza de tu piel. En este art\u00edculo, descubre c\u00f3mo incorporar con seguridad el \u00e1cido salic\u00edlico a tu [&hellip;]\" \/>\n<meta property=\"og:url\" content=\"https:\/\/beautecharmante.fr\/es\/se-puede-utilizar-el-acido-salicilico-todos-los-dias\/\" \/>\n<meta property=\"og:site_name\" content=\"Beaut\u00e9 Charmante\" \/>\n<meta property=\"article:published_time\" content=\"2025-04-17T09:01:52+00:00\" \/>\n<meta property=\"og:image\" content=\"https:\/\/beautecharmante.fr\/wp-content\/uploads\/2025\/04\/est-ce-quon-peut-utiliser-lacide-salicylique-tous-les-jours-scaled.jpg\" \/>\n\t<meta property=\"og:image:width\" content=\"2560\" \/>\n\t<meta property=\"og:image:height\" content=\"1429\" \/>\n\t<meta property=\"og:image:type\" content=\"image\/jpeg\" \/>\n<meta name=\"author\" content=\"beautecharmante\" \/>\n<meta name=\"twitter:card\" content=\"summary_large_image\" \/>\n<meta name=\"twitter:label1\" content=\"Escrito por\" \/>\n\t<meta name=\"twitter:data1\" content=\"beautecharmante\" \/>\n\t<meta name=\"twitter:label2\" content=\"Tiempo de lectura\" \/>\n\t<meta name=\"twitter:data2\" content=\"6 minutos\" \/>\n<script type=\"application\/ld+json\" class=\"yoast-schema-graph\">{\"@context\":\"https:\/\/schema.org\",\"@graph\":[{\"@type\":\"WebPage\",\"@id\":\"https:\/\/beautecharmante.fr\/es\/se-puede-utilizar-el-acido-salicilico-todos-los-dias\/\",\"url\":\"https:\/\/beautecharmante.fr\/es\/se-puede-utilizar-el-acido-salicilico-todos-los-dias\/\",\"name\":\"\u00bfSe puede utilizar el \u00e1cido salic\u00edlico todos los d\u00edas? - Beaut\u00e9 Charmante\",\"isPartOf\":{\"@id\":\"https:\/\/beautecharmante.fr\/es\/#website\"},\"primaryImageOfPage\":{\"@id\":\"https:\/\/beautecharmante.fr\/es\/se-puede-utilizar-el-acido-salicilico-todos-los-dias\/#primaryimage\"},\"image\":{\"@id\":\"https:\/\/beautecharmante.fr\/es\/se-puede-utilizar-el-acido-salicilico-todos-los-dias\/#primaryimage\"},\"thumbnailUrl\":\"https:\/\/beautecharmante.fr\/wp-content\/uploads\/2025\/04\/est-ce-quon-peut-utiliser-lacide-salicylique-tous-les-jours-scaled.jpg\",\"datePublished\":\"2025-04-17T09:01:52+00:00\",\"dateModified\":\"2025-04-17T09:01:52+00:00\",\"author\":{\"@id\":\"https:\/\/beautecharmante.fr\/es\/#\/schema\/person\/b28cf23009b31a31090c37f866e6c409\"},\"breadcrumb\":{\"@id\":\"https:\/\/beautecharmante.fr\/es\/se-puede-utilizar-el-acido-salicilico-todos-los-dias\/#breadcrumb\"},\"inLanguage\":\"es\",\"potentialAction\":[{\"@type\":\"ReadAction\",\"target\":[\"https:\/\/beautecharmante.fr\/es\/se-puede-utilizar-el-acido-salicilico-todos-los-dias\/\"]}]},{\"@type\":\"ImageObject\",\"inLanguage\":\"es\",\"@id\":\"https:\/\/beautecharmante.fr\/es\/se-puede-utilizar-el-acido-salicilico-todos-los-dias\/#primaryimage\",\"url\":\"https:\/\/beautecharmante.fr\/wp-content\/uploads\/2025\/04\/est-ce-quon-peut-utiliser-lacide-salicylique-tous-les-jours-scaled.jpg\",\"contentUrl\":\"https:\/\/beautecharmante.fr\/wp-content\/uploads\/2025\/04\/est-ce-quon-peut-utiliser-lacide-salicylique-tous-les-jours-scaled.jpg\",\"width\":2560,\"height\":1429},{\"@type\":\"BreadcrumbList\",\"@id\":\"https:\/\/beautecharmante.fr\/es\/se-puede-utilizar-el-acido-salicilico-todos-los-dias\/#breadcrumb\",\"itemListElement\":[{\"@type\":\"ListItem\",\"position\":1,\"name\":\"Accueil\",\"item\":\"https:\/\/beautecharmante.fr\/es\/descubre-todos-los-secretos-para-realzar-tu-belleza-natural\/\"},{\"@type\":\"ListItem\",\"position\":2,\"name\":\"\u00bfSe puede utilizar el \u00e1cido salic\u00edlico todos los d\u00edas?\"}]},{\"@type\":\"WebSite\",\"@id\":\"https:\/\/beautecharmante.fr\/es\/#website\",\"url\":\"https:\/\/beautecharmante.fr\/es\/\",\"name\":\"Beaut\u00e9 Charmante\",\"description\":\"R\u00e9v\u00e9lez votre \u00e9clat, inspirez votre style : Explorez la beaut\u00e9 intemporelle et la vie \u00e9panouie sur notre blog !\",\"potentialAction\":[{\"@type\":\"SearchAction\",\"target\":{\"@type\":\"EntryPoint\",\"urlTemplate\":\"https:\/\/beautecharmante.fr\/es\/?s={search_term_string}\"},\"query-input\":\"required name=search_term_string\"}],\"inLanguage\":\"es\"},{\"@type\":\"Person\",\"@id\":\"https:\/\/beautecharmante.fr\/es\/#\/schema\/person\/b28cf23009b31a31090c37f866e6c409\",\"name\":\"beautecharmante\",\"image\":{\"@type\":\"ImageObject\",\"inLanguage\":\"es\",\"@id\":\"https:\/\/beautecharmante.fr\/es\/#\/schema\/person\/image\/\",\"url\":\"https:\/\/secure.gravatar.com\/avatar\/57cce553753163cf73ee9cdd9ecefccb526cd7f0b33cb0c0309ab2e04fd3c4d9?s=96&d=mm&r=g\",\"contentUrl\":\"https:\/\/secure.gravatar.com\/avatar\/57cce553753163cf73ee9cdd9ecefccb526cd7f0b33cb0c0309ab2e04fd3c4d9?s=96&d=mm&r=g\",\"caption\":\"beautecharmante\"},\"sameAs\":[\"https:\/\/www.beautecharmante.fr\"],\"url\":\"https:\/\/beautecharmante.fr\/es\/author\/beautecharmante\/\"}]}<\/script>\n<!-- \/ Yoast SEO plugin. -->","yoast_head_json":{"title":"\u00bfSe puede utilizar el \u00e1cido salic\u00edlico todos los d\u00edas? - Beaut\u00e9 Charmante","robots":{"index":"index","follow":"follow","max-snippet":"max-snippet:-1","max-image-preview":"max-image-preview:large","max-video-preview":"max-video-preview:-1"},"canonical":"https:\/\/beautecharmante.fr\/es\/se-puede-utilizar-el-acido-salicilico-todos-los-dias\/","og_locale":"es_ES","og_type":"article","og_title":"\u00bfSe puede utilizar el \u00e1cido salic\u00edlico todos los d\u00edas? - Beaut\u00e9 Charmante","og_description":"\u00bfAcabas de comprar un producto que contiene \u00e1cido salic\u00edlico y te preguntas si es prudente utilizarlo todos los d\u00edas? Aunque este principio activo es de venta libre, su concentraci\u00f3n \u00f3ptima y la frecuencia de uso var\u00edan seg\u00fan la naturaleza de tu piel. En este art\u00edculo, descubre c\u00f3mo incorporar con seguridad el \u00e1cido salic\u00edlico a tu [&hellip;]","og_url":"https:\/\/beautecharmante.fr\/es\/se-puede-utilizar-el-acido-salicilico-todos-los-dias\/","og_site_name":"Beaut\u00e9 Charmante","article_published_time":"2025-04-17T09:01:52+00:00","og_image":[{"width":2560,"height":1429,"url":"https:\/\/beautecharmante.fr\/wp-content\/uploads\/2025\/04\/est-ce-quon-peut-utiliser-lacide-salicylique-tous-les-jours-scaled.jpg","type":"image\/jpeg"}],"author":"beautecharmante","twitter_card":"summary_large_image","twitter_misc":{"Escrito por":"beautecharmante","Tiempo de lectura":"6 minutos"},"schema":{"@context":"https:\/\/schema.org","@graph":[{"@type":"WebPage","@id":"https:\/\/beautecharmante.fr\/es\/se-puede-utilizar-el-acido-salicilico-todos-los-dias\/","url":"https:\/\/beautecharmante.fr\/es\/se-puede-utilizar-el-acido-salicilico-todos-los-dias\/","name":"\u00bfSe puede utilizar el \u00e1cido salic\u00edlico todos los d\u00edas? - Beaut\u00e9 Charmante","isPartOf":{"@id":"https:\/\/beautecharmante.fr\/es\/#website"},"primaryImageOfPage":{"@id":"https:\/\/beautecharmante.fr\/es\/se-puede-utilizar-el-acido-salicilico-todos-los-dias\/#primaryimage"},"image":{"@id":"https:\/\/beautecharmante.fr\/es\/se-puede-utilizar-el-acido-salicilico-todos-los-dias\/#primaryimage"},"thumbnailUrl":"https:\/\/beautecharmante.fr\/wp-content\/uploads\/2025\/04\/est-ce-quon-peut-utiliser-lacide-salicylique-tous-les-jours-scaled.jpg","datePublished":"2025-04-17T09:01:52+00:00","dateModified":"2025-04-17T09:01:52+00:00","author":{"@id":"https:\/\/beautecharmante.fr\/es\/#\/schema\/person\/b28cf23009b31a31090c37f866e6c409"},"breadcrumb":{"@id":"https:\/\/beautecharmante.fr\/es\/se-puede-utilizar-el-acido-salicilico-todos-los-dias\/#breadcrumb"},"inLanguage":"es","potentialAction":[{"@type":"ReadAction","target":["https:\/\/beautecharmante.fr\/es\/se-puede-utilizar-el-acido-salicilico-todos-los-dias\/"]}]},{"@type":"ImageObject","inLanguage":"es","@id":"https:\/\/beautecharmante.fr\/es\/se-puede-utilizar-el-acido-salicilico-todos-los-dias\/#primaryimage","url":"https:\/\/beautecharmante.fr\/wp-content\/uploads\/2025\/04\/est-ce-quon-peut-utiliser-lacide-salicylique-tous-les-jours-scaled.jpg","contentUrl":"https:\/\/beautecharmante.fr\/wp-content\/uploads\/2025\/04\/est-ce-quon-peut-utiliser-lacide-salicylique-tous-les-jours-scaled.jpg","width":2560,"height":1429},{"@type":"BreadcrumbList","@id":"https:\/\/beautecharmante.fr\/es\/se-puede-utilizar-el-acido-salicilico-todos-los-dias\/#breadcrumb","itemListElement":[{"@type":"ListItem","position":1,"name":"Accueil","item":"https:\/\/beautecharmante.fr\/es\/descubre-todos-los-secretos-para-realzar-tu-belleza-natural\/"},{"@type":"ListItem","position":2,"name":"\u00bfSe puede utilizar el \u00e1cido salic\u00edlico todos los d\u00edas?"}]},{"@type":"WebSite","@id":"https:\/\/beautecharmante.fr\/es\/#website","url":"https:\/\/beautecharmante.fr\/es\/","name":"Beaut\u00e9 Charmante","description":"R\u00e9v\u00e9lez votre \u00e9clat, inspirez votre style : Explorez la beaut\u00e9 intemporelle et la vie \u00e9panouie sur notre blog !","potentialAction":[{"@type":"SearchAction","target":{"@type":"EntryPoint","urlTemplate":"https:\/\/beautecharmante.fr\/es\/?s={search_term_string}"},"query-input":"required name=search_term_string"}],"inLanguage":"es"},{"@type":"Person","@id":"https:\/\/beautecharmante.fr\/es\/#\/schema\/person\/b28cf23009b31a31090c37f866e6c409","name":"beautecharmante","image":{"@type":"ImageObject","inLanguage":"es","@id":"https:\/\/beautecharmante.fr\/es\/#\/schema\/person\/image\/","url":"https:\/\/secure.gravatar.com\/avatar\/57cce553753163cf73ee9cdd9ecefccb526cd7f0b33cb0c0309ab2e04fd3c4d9?s=96&d=mm&r=g","contentUrl":"https:\/\/secure.gravatar.com\/avatar\/57cce553753163cf73ee9cdd9ecefccb526cd7f0b33cb0c0309ab2e04fd3c4d9?s=96&d=mm&r=g","caption":"beautecharmante"},"sameAs":["https:\/\/www.beautecharmante.fr"],"url":"https:\/\/beautecharmante.fr\/es\/author\/beautecharmante\/"}]}},"_links":{"self":[{"href":"https:\/\/beautecharmante.fr\/es\/wp-json\/wp\/v2\/posts\/758","targetHints":{"allow":["GET"]}}],"collection":[{"href":"https:\/\/beautecharmante.fr\/es\/wp-json\/wp\/v2\/posts"}],"about":[{"href":"https:\/\/beautecharmante.fr\/es\/wp-json\/wp\/v2\/types\/post"}],"author":[{"embeddable":true,"href":"https:\/\/beautecharmante.fr\/es\/wp-json\/wp\/v2\/users\/1"}],"replies":[{"embeddable":true,"href":"https:\/\/beautecharmante.fr\/es\/wp-json\/wp\/v2\/comments?post=758"}],"version-history":[{"count":0,"href":"https:\/\/beautecharmante.fr\/es\/wp-json\/wp\/v2\/posts\/758\/revisions"}],"wp:featuredmedia":[{"embeddable":true,"href":"https:\/\/beautecharmante.fr\/es\/wp-json\/wp\/v2\/media\/759"}],"wp:attachment":[{"href":"https:\/\/beautecharmante.fr\/es\/wp-json\/wp\/v2\/media?parent=758"}],"wp:term":[{"taxonomy":"category","embeddable":true,"href":"https:\/\/beautecharmante.fr\/es\/wp-json\/wp\/v2\/categories?post=758"},{"taxonomy":"post_tag","embeddable":true,"href":"https:\/\/beautecharmante.fr\/es\/wp-json\/wp\/v2\/tags?post=758"}],"curies":[{"name":"wp","href":"https:\/\/api.w.org\/{rel}","templated":true}]}}