{"id":760,"date":"2025-04-18T11:29:48","date_gmt":"2025-04-18T09:29:48","guid":{"rendered":"https:\/\/beautecharmante.fr\/cual-es-el-tamano-estandar-de-una-maleta-de-cabina\/"},"modified":"2025-04-18T11:29:48","modified_gmt":"2025-04-18T09:29:48","slug":"cual-es-el-tamano-estandar-de-una-maleta-de-cabina","status":"publish","type":"post","link":"https:\/\/beautecharmante.fr\/es\/cual-es-el-tamano-estandar-de-una-maleta-de-cabina\/","title":{"rendered":"\u00bfCu\u00e1l es el tama\u00f1o est\u00e1ndar de una maleta de cabina?"},"content":{"rendered":"<p>\u00bfEst\u00e1s preparando tu pr\u00f3ximo vuelo y te preguntas si tu maleta ser\u00e1 aceptada en cabina? Inf\u00f3rmate sobre las dimensiones est\u00e1ndar del equipaje de cabina y las normas espec\u00edficas de cada compa\u00f1\u00eda a\u00e9rea, para que puedas viajar con tranquilidad. Tambi\u00e9n puedes <a href=\"https:\/\/www.cabaia.fr\/collections\/sac-de-voyage\"><b>obtener m\u00e1s informaci\u00f3n<\/b><\/a> sobre las opciones de bolsas de viaje.  <\/p>\n<p><img decoding=\"async\" alt=\"Una maleta negra con ruedas junto a una gran maceta verde sobre un suelo de madera clara en una habitaci\u00f3n luminosa.\" class=\"featured-image\" src=\"https:\/\/77a8bca5480c629eab12f6f892ef4680.cdn.bubble.io\/f1744814189555x927843912553878400\/QNn--_tya7dnmwBrywYm1_4aa03914825943e087830395ae282022.jpg\"><\/p>\n<h2>Dimensiones est\u00e1ndar y variaciones seg\u00fan la compa\u00f1\u00eda a\u00e9rea<\/h2>\n<p>En lo que respecta al equipaje de cabina, realmente no existe un tama\u00f1o universal. Cada compa\u00f1\u00eda a\u00e9rea define sus propias dimensiones m\u00e1ximas autorizadas para el equipaje de cabina. Estas variaciones pueden parecer peque\u00f1as, pero pueden marcar la diferencia entre un embarque sin preocupaciones y unos costes adicionales inesperados.  <\/p>\n<h3>Dimensiones est\u00e1ndar<\/h3>\n<p>La IATA (Asociaci\u00f3n de Transporte A\u00e9reo Internacional) define las dimensiones m\u00e1ximas permitidas para el equipaje de cabina: 55 x 45 x 25 cm, incluyendo asas y ruedas. Pero ten cuidado, y opta por un equipaje ligeramente m\u00e1s peque\u00f1o. <\/p>\n<p>Para viajar con tranquilidad con la mayor\u00eda de las compa\u00f1\u00edas a\u00e9reas, opta por un tama\u00f1o est\u00e1ndar de 55 x 40 x 20 cm. Es el tama\u00f1o de referencia m\u00e1s habitual y te evitar\u00e1 sorpresas desagradables. <\/p>\n<p>En la pr\u00e1ctica, su volumen suele oscilar entre 27 y 40 litros, suficiente para llevar lo esencial para una estancia corta.<\/p>\n<h3>Variaciones por compa\u00f1\u00eda a\u00e9rea<\/h3>\n<p>Las dimensiones permitidas var\u00edan seg\u00fan la compa\u00f1\u00eda a\u00e9rea que elijas. Air France permite un equipaje de mano de 55 x 35 x 25 cm, con un l\u00edmite de peso de 12 kg en clase turista. Incluso puedes a\u00f1adir un peque\u00f1o accesorio de 40 x 30 x 15.  <\/p>\n<p>EasyJet es m\u00e1s flexible en cuanto a las dimensiones, con un tama\u00f1o m\u00e1ximo de 56 x 45 x 25, mientras que Ryanair aplica normas m\u00e1s estrictas: tu pieza de equipaje principal no debe superar los 55 x 40 x 20 cm, con un peso m\u00e1ximo de 10 kg. Transavia sigue normas similares a las de Air France en cuanto al tama\u00f1o, pero limita el peso a 10 kg.  <\/p>\n<p>Un consejo: antes de reservar, comprueba siempre las dimensiones autorizadas en el sitio web de tu compa\u00f1\u00eda a\u00e9rea. Las normas cambian a veces, y es mejor evitar sorpresas desagradables al embarcar. Una vez que conozcas las dimensiones exactas autorizadas por tu compa\u00f1\u00eda a\u00e9rea, podr\u00e1s elegir una bolsa de viaje que se adapte perfectamente a tus necesidades.  <\/p>\n<h2>Consejos para elegir la bolsa adecuada<\/h2>\n<p>Elegir la maleta de cabina adecuada puede marcar la diferencia en tus viajes. He aqu\u00ed los puntos clave que debes tener en cuenta: <\/p>\n<ul><\/p>\n<li>Elige una bolsa ligera. Cuanto m\u00e1s ligera sea tu bolsa cuando est\u00e9 vac\u00eda, m\u00e1s podr\u00e1s llevar sin sobrepasar el l\u00edmite de 10 kg generalmente permitido. <\/li>\n<p><\/ul>\n<ul><\/p>\n<li>Opta por materiales duraderos, como el nailon bal\u00edstico o el poli\u00e9ster reforzado. Estos tejidos resisten bien el desgaste sin dejar de ser ligeros. <\/li>\n<p><\/ul>\n<ul><\/p>\n<li>Comprueba su practicidad: bolsillos bien situados para tus documentos y dispositivos, cremalleras resistentes y varias opciones de transporte (asas, bandolera) har\u00e1n que tus viajes sean m\u00e1s agradables.<\/li>\n<p><\/ul>\n<ul><\/p>\n<li>Para un viaje corto, una bolsa de 30-40 litros es m\u00e1s que suficiente. Sube a 40-50 litros para viajes m\u00e1s largos, sin sobrepasar las dimensiones permitidas. <\/li>\n<p><\/ul>\n<p>No olvides que el dise\u00f1o, aunque importante, debe pasar a un segundo plano frente a estos criterios pr\u00e1cticos. Una bolsa bonita que no se ajuste a las dimensiones dar\u00e1 m\u00e1s problemas de los que vale. <\/p>\n","protected":false},"excerpt":{"rendered":"<p>\u00bfEst\u00e1s preparando tu pr\u00f3ximo vuelo y te preguntas si tu maleta ser\u00e1 aceptada en cabina? Inf\u00f3rmate sobre las dimensiones est\u00e1ndar del equipaje de cabina y las normas espec\u00edficas de cada compa\u00f1\u00eda a\u00e9rea, para que puedas viajar con tranquilidad. Tambi\u00e9n puedes obtener m\u00e1s informaci\u00f3n sobre las opciones de bolsas de viaje. Dimensiones est\u00e1ndar y variaciones seg\u00fan [&hellip;]<\/p>\n","protected":false},"author":1,"featured_media":761,"comment_status":"","ping_status":"","sticky":false,"template":"","format":"standard","meta":{"footnotes":""},"categories":[137],"tags":[],"class_list":["post-760","post","type-post","status-publish","format-standard","has-post-thumbnail","hentry","category-modo"],"yoast_head":"<!-- This site is optimized with the Yoast SEO plugin v22.6 - https:\/\/yoast.com\/wordpress\/plugins\/seo\/ -->\n<title>\u00bfCu\u00e1l es el tama\u00f1o est\u00e1ndar de una maleta de cabina? - Beaut\u00e9 Charmante<\/title>\n<meta name=\"robots\" content=\"index, follow, max-snippet:-1, max-image-preview:large, max-video-preview:-1\" \/>\n<link rel=\"canonical\" href=\"https:\/\/beautecharmante.fr\/es\/cual-es-el-tamano-estandar-de-una-maleta-de-cabina\/\" \/>\n<meta property=\"og:locale\" content=\"es_ES\" \/>\n<meta property=\"og:type\" content=\"article\" \/>\n<meta property=\"og:title\" content=\"\u00bfCu\u00e1l es el tama\u00f1o est\u00e1ndar de una maleta de cabina? - Beaut\u00e9 Charmante\" \/>\n<meta property=\"og:description\" content=\"\u00bfEst\u00e1s preparando tu pr\u00f3ximo vuelo y te preguntas si tu maleta ser\u00e1 aceptada en cabina? Inf\u00f3rmate sobre las dimensiones est\u00e1ndar del equipaje de cabina y las normas espec\u00edficas de cada compa\u00f1\u00eda a\u00e9rea, para que puedas viajar con tranquilidad. Tambi\u00e9n puedes obtener m\u00e1s informaci\u00f3n sobre las opciones de bolsas de viaje. Dimensiones est\u00e1ndar y variaciones seg\u00fan [&hellip;]\" \/>\n<meta property=\"og:url\" content=\"https:\/\/beautecharmante.fr\/es\/cual-es-el-tamano-estandar-de-una-maleta-de-cabina\/\" \/>\n<meta property=\"og:site_name\" content=\"Beaut\u00e9 Charmante\" \/>\n<meta property=\"article:published_time\" content=\"2025-04-18T09:29:48+00:00\" \/>\n<meta property=\"og:image\" content=\"https:\/\/beautecharmante.fr\/wp-content\/uploads\/2025\/04\/quelle-est-la-taille-standard-dun-sac-de-voyage-cabine-scaled.jpg\" \/>\n\t<meta property=\"og:image:width\" content=\"2560\" \/>\n\t<meta property=\"og:image:height\" content=\"1429\" \/>\n\t<meta property=\"og:image:type\" content=\"image\/jpeg\" \/>\n<meta name=\"author\" content=\"beautecharmante\" \/>\n<meta name=\"twitter:card\" content=\"summary_large_image\" \/>\n<meta name=\"twitter:label1\" content=\"Escrito por\" \/>\n\t<meta name=\"twitter:data1\" content=\"beautecharmante\" \/>\n\t<meta name=\"twitter:label2\" content=\"Tiempo de lectura\" \/>\n\t<meta name=\"twitter:data2\" content=\"3 minutos\" \/>\n<script type=\"application\/ld+json\" class=\"yoast-schema-graph\">{\"@context\":\"https:\/\/schema.org\",\"@graph\":[{\"@type\":\"WebPage\",\"@id\":\"https:\/\/beautecharmante.fr\/es\/cual-es-el-tamano-estandar-de-una-maleta-de-cabina\/\",\"url\":\"https:\/\/beautecharmante.fr\/es\/cual-es-el-tamano-estandar-de-una-maleta-de-cabina\/\",\"name\":\"\u00bfCu\u00e1l es el tama\u00f1o est\u00e1ndar de una maleta de cabina? - Beaut\u00e9 Charmante\",\"isPartOf\":{\"@id\":\"https:\/\/beautecharmante.fr\/es\/#website\"},\"primaryImageOfPage\":{\"@id\":\"https:\/\/beautecharmante.fr\/es\/cual-es-el-tamano-estandar-de-una-maleta-de-cabina\/#primaryimage\"},\"image\":{\"@id\":\"https:\/\/beautecharmante.fr\/es\/cual-es-el-tamano-estandar-de-una-maleta-de-cabina\/#primaryimage\"},\"thumbnailUrl\":\"https:\/\/beautecharmante.fr\/wp-content\/uploads\/2025\/04\/quelle-est-la-taille-standard-dun-sac-de-voyage-cabine-scaled.jpg\",\"datePublished\":\"2025-04-18T09:29:48+00:00\",\"dateModified\":\"2025-04-18T09:29:48+00:00\",\"author\":{\"@id\":\"https:\/\/beautecharmante.fr\/es\/#\/schema\/person\/b28cf23009b31a31090c37f866e6c409\"},\"breadcrumb\":{\"@id\":\"https:\/\/beautecharmante.fr\/es\/cual-es-el-tamano-estandar-de-una-maleta-de-cabina\/#breadcrumb\"},\"inLanguage\":\"es\",\"potentialAction\":[{\"@type\":\"ReadAction\",\"target\":[\"https:\/\/beautecharmante.fr\/es\/cual-es-el-tamano-estandar-de-una-maleta-de-cabina\/\"]}]},{\"@type\":\"ImageObject\",\"inLanguage\":\"es\",\"@id\":\"https:\/\/beautecharmante.fr\/es\/cual-es-el-tamano-estandar-de-una-maleta-de-cabina\/#primaryimage\",\"url\":\"https:\/\/beautecharmante.fr\/wp-content\/uploads\/2025\/04\/quelle-est-la-taille-standard-dun-sac-de-voyage-cabine-scaled.jpg\",\"contentUrl\":\"https:\/\/beautecharmante.fr\/wp-content\/uploads\/2025\/04\/quelle-est-la-taille-standard-dun-sac-de-voyage-cabine-scaled.jpg\",\"width\":2560,\"height\":1429},{\"@type\":\"BreadcrumbList\",\"@id\":\"https:\/\/beautecharmante.fr\/es\/cual-es-el-tamano-estandar-de-una-maleta-de-cabina\/#breadcrumb\",\"itemListElement\":[{\"@type\":\"ListItem\",\"position\":1,\"name\":\"Accueil\",\"item\":\"https:\/\/beautecharmante.fr\/es\/descubre-todos-los-secretos-para-realzar-tu-belleza-natural\/\"},{\"@type\":\"ListItem\",\"position\":2,\"name\":\"\u00bfCu\u00e1l es el tama\u00f1o est\u00e1ndar de una maleta de cabina?\"}]},{\"@type\":\"WebSite\",\"@id\":\"https:\/\/beautecharmante.fr\/es\/#website\",\"url\":\"https:\/\/beautecharmante.fr\/es\/\",\"name\":\"Beaut\u00e9 Charmante\",\"description\":\"R\u00e9v\u00e9lez votre \u00e9clat, inspirez votre style : Explorez la beaut\u00e9 intemporelle et la vie \u00e9panouie sur notre blog !\",\"potentialAction\":[{\"@type\":\"SearchAction\",\"target\":{\"@type\":\"EntryPoint\",\"urlTemplate\":\"https:\/\/beautecharmante.fr\/es\/?s={search_term_string}\"},\"query-input\":\"required name=search_term_string\"}],\"inLanguage\":\"es\"},{\"@type\":\"Person\",\"@id\":\"https:\/\/beautecharmante.fr\/es\/#\/schema\/person\/b28cf23009b31a31090c37f866e6c409\",\"name\":\"beautecharmante\",\"image\":{\"@type\":\"ImageObject\",\"inLanguage\":\"es\",\"@id\":\"https:\/\/beautecharmante.fr\/es\/#\/schema\/person\/image\/\",\"url\":\"https:\/\/secure.gravatar.com\/avatar\/57cce553753163cf73ee9cdd9ecefccb526cd7f0b33cb0c0309ab2e04fd3c4d9?s=96&d=mm&r=g\",\"contentUrl\":\"https:\/\/secure.gravatar.com\/avatar\/57cce553753163cf73ee9cdd9ecefccb526cd7f0b33cb0c0309ab2e04fd3c4d9?s=96&d=mm&r=g\",\"caption\":\"beautecharmante\"},\"sameAs\":[\"https:\/\/www.beautecharmante.fr\"],\"url\":\"https:\/\/beautecharmante.fr\/es\/author\/beautecharmante\/\"}]}<\/script>\n<!-- \/ Yoast SEO plugin. -->","yoast_head_json":{"title":"\u00bfCu\u00e1l es el tama\u00f1o est\u00e1ndar de una maleta de cabina? - Beaut\u00e9 Charmante","robots":{"index":"index","follow":"follow","max-snippet":"max-snippet:-1","max-image-preview":"max-image-preview:large","max-video-preview":"max-video-preview:-1"},"canonical":"https:\/\/beautecharmante.fr\/es\/cual-es-el-tamano-estandar-de-una-maleta-de-cabina\/","og_locale":"es_ES","og_type":"article","og_title":"\u00bfCu\u00e1l es el tama\u00f1o est\u00e1ndar de una maleta de cabina? - Beaut\u00e9 Charmante","og_description":"\u00bfEst\u00e1s preparando tu pr\u00f3ximo vuelo y te preguntas si tu maleta ser\u00e1 aceptada en cabina? Inf\u00f3rmate sobre las dimensiones est\u00e1ndar del equipaje de cabina y las normas espec\u00edficas de cada compa\u00f1\u00eda a\u00e9rea, para que puedas viajar con tranquilidad. Tambi\u00e9n puedes obtener m\u00e1s informaci\u00f3n sobre las opciones de bolsas de viaje. Dimensiones est\u00e1ndar y variaciones seg\u00fan [&hellip;]","og_url":"https:\/\/beautecharmante.fr\/es\/cual-es-el-tamano-estandar-de-una-maleta-de-cabina\/","og_site_name":"Beaut\u00e9 Charmante","article_published_time":"2025-04-18T09:29:48+00:00","og_image":[{"width":2560,"height":1429,"url":"https:\/\/beautecharmante.fr\/wp-content\/uploads\/2025\/04\/quelle-est-la-taille-standard-dun-sac-de-voyage-cabine-scaled.jpg","type":"image\/jpeg"}],"author":"beautecharmante","twitter_card":"summary_large_image","twitter_misc":{"Escrito por":"beautecharmante","Tiempo de lectura":"3 minutos"},"schema":{"@context":"https:\/\/schema.org","@graph":[{"@type":"WebPage","@id":"https:\/\/beautecharmante.fr\/es\/cual-es-el-tamano-estandar-de-una-maleta-de-cabina\/","url":"https:\/\/beautecharmante.fr\/es\/cual-es-el-tamano-estandar-de-una-maleta-de-cabina\/","name":"\u00bfCu\u00e1l es el tama\u00f1o est\u00e1ndar de una maleta de cabina? - Beaut\u00e9 Charmante","isPartOf":{"@id":"https:\/\/beautecharmante.fr\/es\/#website"},"primaryImageOfPage":{"@id":"https:\/\/beautecharmante.fr\/es\/cual-es-el-tamano-estandar-de-una-maleta-de-cabina\/#primaryimage"},"image":{"@id":"https:\/\/beautecharmante.fr\/es\/cual-es-el-tamano-estandar-de-una-maleta-de-cabina\/#primaryimage"},"thumbnailUrl":"https:\/\/beautecharmante.fr\/wp-content\/uploads\/2025\/04\/quelle-est-la-taille-standard-dun-sac-de-voyage-cabine-scaled.jpg","datePublished":"2025-04-18T09:29:48+00:00","dateModified":"2025-04-18T09:29:48+00:00","author":{"@id":"https:\/\/beautecharmante.fr\/es\/#\/schema\/person\/b28cf23009b31a31090c37f866e6c409"},"breadcrumb":{"@id":"https:\/\/beautecharmante.fr\/es\/cual-es-el-tamano-estandar-de-una-maleta-de-cabina\/#breadcrumb"},"inLanguage":"es","potentialAction":[{"@type":"ReadAction","target":["https:\/\/beautecharmante.fr\/es\/cual-es-el-tamano-estandar-de-una-maleta-de-cabina\/"]}]},{"@type":"ImageObject","inLanguage":"es","@id":"https:\/\/beautecharmante.fr\/es\/cual-es-el-tamano-estandar-de-una-maleta-de-cabina\/#primaryimage","url":"https:\/\/beautecharmante.fr\/wp-content\/uploads\/2025\/04\/quelle-est-la-taille-standard-dun-sac-de-voyage-cabine-scaled.jpg","contentUrl":"https:\/\/beautecharmante.fr\/wp-content\/uploads\/2025\/04\/quelle-est-la-taille-standard-dun-sac-de-voyage-cabine-scaled.jpg","width":2560,"height":1429},{"@type":"BreadcrumbList","@id":"https:\/\/beautecharmante.fr\/es\/cual-es-el-tamano-estandar-de-una-maleta-de-cabina\/#breadcrumb","itemListElement":[{"@type":"ListItem","position":1,"name":"Accueil","item":"https:\/\/beautecharmante.fr\/es\/descubre-todos-los-secretos-para-realzar-tu-belleza-natural\/"},{"@type":"ListItem","position":2,"name":"\u00bfCu\u00e1l es el tama\u00f1o est\u00e1ndar de una maleta de cabina?"}]},{"@type":"WebSite","@id":"https:\/\/beautecharmante.fr\/es\/#website","url":"https:\/\/beautecharmante.fr\/es\/","name":"Beaut\u00e9 Charmante","description":"R\u00e9v\u00e9lez votre \u00e9clat, inspirez votre style : Explorez la beaut\u00e9 intemporelle et la vie \u00e9panouie sur notre blog !","potentialAction":[{"@type":"SearchAction","target":{"@type":"EntryPoint","urlTemplate":"https:\/\/beautecharmante.fr\/es\/?s={search_term_string}"},"query-input":"required name=search_term_string"}],"inLanguage":"es"},{"@type":"Person","@id":"https:\/\/beautecharmante.fr\/es\/#\/schema\/person\/b28cf23009b31a31090c37f866e6c409","name":"beautecharmante","image":{"@type":"ImageObject","inLanguage":"es","@id":"https:\/\/beautecharmante.fr\/es\/#\/schema\/person\/image\/","url":"https:\/\/secure.gravatar.com\/avatar\/57cce553753163cf73ee9cdd9ecefccb526cd7f0b33cb0c0309ab2e04fd3c4d9?s=96&d=mm&r=g","contentUrl":"https:\/\/secure.gravatar.com\/avatar\/57cce553753163cf73ee9cdd9ecefccb526cd7f0b33cb0c0309ab2e04fd3c4d9?s=96&d=mm&r=g","caption":"beautecharmante"},"sameAs":["https:\/\/www.beautecharmante.fr"],"url":"https:\/\/beautecharmante.fr\/es\/author\/beautecharmante\/"}]}},"_links":{"self":[{"href":"https:\/\/beautecharmante.fr\/es\/wp-json\/wp\/v2\/posts\/760","targetHints":{"allow":["GET"]}}],"collection":[{"href":"https:\/\/beautecharmante.fr\/es\/wp-json\/wp\/v2\/posts"}],"about":[{"href":"https:\/\/beautecharmante.fr\/es\/wp-json\/wp\/v2\/types\/post"}],"author":[{"embeddable":true,"href":"https:\/\/beautecharmante.fr\/es\/wp-json\/wp\/v2\/users\/1"}],"replies":[{"embeddable":true,"href":"https:\/\/beautecharmante.fr\/es\/wp-json\/wp\/v2\/comments?post=760"}],"version-history":[{"count":0,"href":"https:\/\/beautecharmante.fr\/es\/wp-json\/wp\/v2\/posts\/760\/revisions"}],"wp:featuredmedia":[{"embeddable":true,"href":"https:\/\/beautecharmante.fr\/es\/wp-json\/wp\/v2\/media\/761"}],"wp:attachment":[{"href":"https:\/\/beautecharmante.fr\/es\/wp-json\/wp\/v2\/media?parent=760"}],"wp:term":[{"taxonomy":"category","embeddable":true,"href":"https:\/\/beautecharmante.fr\/es\/wp-json\/wp\/v2\/categories?post=760"},{"taxonomy":"post_tag","embeddable":true,"href":"https:\/\/beautecharmante.fr\/es\/wp-json\/wp\/v2\/tags?post=760"}],"curies":[{"name":"wp","href":"https:\/\/api.w.org\/{rel}","templated":true}]}}